{"id":2154,"date":"2024-08-23T15:12:24","date_gmt":"2024-08-23T14:12:24","guid":{"rendered":"https:\/\/www.japan-touch.com\/toulouse\/?p=2154"},"modified":"2024-08-23T15:13:28","modified_gmt":"2024-08-23T14:13:28","slug":"visite-racontee-du-jardin-japonais-2","status":"publish","type":"post","link":"https:\/\/www.japan-touch.com\/toulouse\/visite-racontee-du-jardin-japonais-2\/","title":{"rendered":"Visite racont\u00e9e du jardin japonais"},"content":{"rendered":"<p>Visiter et d\u00e9couvrez tous les secrets du jardin japonais du parc Compans Caffarelli avec Fr\u00e9d\u00e9ric Bordis, jardinier de ce parc<\/p>\n<p>\u00a0Samedi 31 ao\u00fbt \u00e0 10h<\/p>\n","protected":false},"excerpt":{"rendered":"<p>Visiter et d\u00e9couvrez tous les secrets du jardin japonais du parc Compans Caffarelli avec Fr\u00e9d\u00e9ric Bordis, jardinier de ce parc<\/p>\n","protected":false},"author":1,"featured_media":2155,"comment_status":"closed","ping_status":"closed","sticky":false,"template":"","format":"standard","meta":{"_acf_changed":false,"_et_pb_use_builder":"","_et_pb_old_content":"","_et_gb_content_width":"","footnotes":""},"categories":[42],"tags":[],"acf":[],"yoast_head":"<!-- This site is optimized with the Yoast SEO plugin v22.3 - https:\/\/yoast.com\/wordpress\/plugins\/seo\/ -->\n<title>Visite racont\u00e9e du jardin japonais - JapanTouch Toulouse<\/title>\n<meta name=\"description\" content=\"Visiter et d\u00e9couvrez tous les secrets du jardin japonais du parc Compans Caffarelli avec Fr\u00e9d\u00e9ric Bordis, jardinier de ce parc\" \/>\n<meta name=\"robots\" content=\"index, follow, max-snippet:-1, max-image-preview:large, max-video-preview:-1\" \/>\n<link rel=\"canonical\" href=\"https:\/\/www.japan-touch.com\/toulouse\/visite-racontee-du-jardin-japonais-2\/\" \/>\n<meta property=\"og:locale\" content=\"fr_FR\" \/>\n<meta property=\"og:type\" content=\"article\" \/>\n<meta property=\"og:title\" content=\"Visite racont\u00e9e du jardin japonais - JapanTouch Toulouse\" \/>\n<meta property=\"og:description\" content=\"Visiter et d\u00e9couvrez tous les secrets du jardin japonais du parc Compans Caffarelli avec Fr\u00e9d\u00e9ric Bordis, jardinier de ce parc\" \/>\n<meta property=\"og:url\" content=\"https:\/\/www.japan-touch.com\/toulouse\/visite-racontee-du-jardin-japonais-2\/\" \/>\n<meta property=\"og:site_name\" content=\"JapanTouch Toulouse\" \/>\n<meta property=\"article:publisher\" content=\"https:\/\/www.facebook.com\/Asiexpo\" \/>\n<meta property=\"article:published_time\" content=\"2024-08-23T14:12:24+00:00\" \/>\n<meta property=\"article:modified_time\" content=\"2024-08-23T14:13:28+00:00\" \/>\n<meta property=\"og:image\" content=\"https:\/\/www.japan-touch.com\/toulouse\/wp-content\/uploads\/sites\/3\/2024\/08\/Lac_et_pavillon_du_the.jpg\" \/>\n\t<meta property=\"og:image:width\" content=\"280\" \/>\n\t<meta property=\"og:image:height\" content=\"187\" \/>\n\t<meta property=\"og:image:type\" content=\"image\/jpeg\" \/>\n<meta name=\"author\" content=\"ZutrArakuBUQa5UveQuDRuzun\" \/>\n<meta name=\"twitter:card\" content=\"summary_large_image\" \/>\n<meta name=\"twitter:creator\" content=\"@asiexpo\" \/>\n<meta name=\"twitter:site\" content=\"@asiexpo\" \/>\n<meta name=\"twitter:label1\" content=\"\u00c9crit par\" \/>\n\t<meta name=\"twitter:data1\" content=\"ZutrArakuBUQa5UveQuDRuzun\" \/>\n\t<meta name=\"twitter:label2\" content=\"Dur\u00e9e de lecture estim\u00e9e\" \/>\n\t<meta name=\"twitter:data2\" content=\"1 minute\" \/>\n<script type=\"application\/ld+json\" class=\"yoast-schema-graph\">{\"@context\":\"https:\/\/schema.org\",\"@graph\":[{\"@type\":\"WebPage\",\"@id\":\"https:\/\/www.japan-touch.com\/toulouse\/visite-racontee-du-jardin-japonais-2\/\",\"url\":\"https:\/\/www.japan-touch.com\/toulouse\/visite-racontee-du-jardin-japonais-2\/\",\"name\":\"Visite racont\u00e9e du jardin japonais - JapanTouch Toulouse\",\"isPartOf\":{\"@id\":\"https:\/\/www.japan-touch.com\/toulouse\/#website\"},\"primaryImageOfPage\":{\"@id\":\"https:\/\/www.japan-touch.com\/toulouse\/visite-racontee-du-jardin-japonais-2\/#primaryimage\"},\"image\":{\"@id\":\"https:\/\/www.japan-touch.com\/toulouse\/visite-racontee-du-jardin-japonais-2\/#primaryimage\"},\"thumbnailUrl\":\"https:\/\/www.japan-touch.com\/toulouse\/wp-content\/uploads\/sites\/3\/2024\/08\/Lac_et_pavillon_du_the.jpg\",\"datePublished\":\"2024-08-23T14:12:24+00:00\",\"dateModified\":\"2024-08-23T14:13:28+00:00\",\"author\":{\"@id\":\"https:\/\/www.japan-touch.com\/toulouse\/#\/schema\/person\/305b4e5c72bfcc2333e3adc9f4e49e4c\"},\"description\":\"Visiter et d\u00e9couvrez tous les secrets du jardin japonais du parc Compans Caffarelli avec Fr\u00e9d\u00e9ric Bordis, jardinier de ce parc\",\"breadcrumb\":{\"@id\":\"https:\/\/www.japan-touch.com\/toulouse\/visite-racontee-du-jardin-japonais-2\/#breadcrumb\"},\"inLanguage\":\"fr-FR\",\"potentialAction\":[{\"@type\":\"ReadAction\",\"target\":[\"https:\/\/www.japan-touch.com\/toulouse\/visite-racontee-du-jardin-japonais-2\/\"]}]},{\"@type\":\"ImageObject\",\"inLanguage\":\"fr-FR\",\"@id\":\"https:\/\/www.japan-touch.com\/toulouse\/visite-racontee-du-jardin-japonais-2\/#primaryimage\",\"url\":\"https:\/\/www.japan-touch.com\/toulouse\/wp-content\/uploads\/sites\/3\/2024\/08\/Lac_et_pavillon_du_the.jpg\",\"contentUrl\":\"https:\/\/www.japan-touch.com\/toulouse\/wp-content\/uploads\/sites\/3\/2024\/08\/Lac_et_pavillon_du_the.jpg\",\"width\":280,\"height\":187},{\"@type\":\"BreadcrumbList\",\"@id\":\"https:\/\/www.japan-touch.com\/toulouse\/visite-racontee-du-jardin-japonais-2\/#breadcrumb\",\"itemListElement\":[{\"@type\":\"ListItem\",\"position\":1,\"name\":\"Accueil\",\"item\":\"https:\/\/www.japan-touch.com\/toulouse\/\"},{\"@type\":\"ListItem\",\"position\":2,\"name\":\"Visite racont\u00e9e du jardin japonais\"}]},{\"@type\":\"WebSite\",\"@id\":\"https:\/\/www.japan-touch.com\/toulouse\/#website\",\"url\":\"https:\/\/www.japan-touch.com\/toulouse\/\",\"name\":\"JapanTouch Toulouse\",\"description\":\"3 &amp; 4 sept. 2022\",\"potentialAction\":[{\"@type\":\"SearchAction\",\"target\":{\"@type\":\"EntryPoint\",\"urlTemplate\":\"https:\/\/www.japan-touch.com\/toulouse\/?s={search_term_string}\"},\"query-input\":\"required name=search_term_string\"}],\"inLanguage\":\"fr-FR\"},{\"@type\":\"Person\",\"@id\":\"https:\/\/www.japan-touch.com\/toulouse\/#\/schema\/person\/305b4e5c72bfcc2333e3adc9f4e49e4c\",\"name\":\"ZutrArakuBUQa5UveQuDRuzun\",\"sameAs\":[\"http:\/\/www.sioo-studio.com\"],\"url\":\"https:\/\/www.japan-touch.com\/toulouse\/author\/zutrarakubuqa5uvequdruzun\/\"}]}<\/script>\n<!-- \/ Yoast SEO plugin. -->","yoast_head_json":{"title":"Visite racont\u00e9e du jardin japonais - JapanTouch Toulouse","description":"Visiter et d\u00e9couvrez tous les secrets du jardin japonais du parc Compans Caffarelli avec Fr\u00e9d\u00e9ric Bordis, jardinier de ce parc","robots":{"index":"index","follow":"follow","max-snippet":"max-snippet:-1","max-image-preview":"max-image-preview:large","max-video-preview":"max-video-preview:-1"},"canonical":"https:\/\/www.japan-touch.com\/toulouse\/visite-racontee-du-jardin-japonais-2\/","og_locale":"fr_FR","og_type":"article","og_title":"Visite racont\u00e9e du jardin japonais - JapanTouch Toulouse","og_description":"Visiter et d\u00e9couvrez tous les secrets du jardin japonais du parc Compans Caffarelli avec Fr\u00e9d\u00e9ric Bordis, jardinier de ce parc","og_url":"https:\/\/www.japan-touch.com\/toulouse\/visite-racontee-du-jardin-japonais-2\/","og_site_name":"JapanTouch Toulouse","article_publisher":"https:\/\/www.facebook.com\/Asiexpo","article_published_time":"2024-08-23T14:12:24+00:00","article_modified_time":"2024-08-23T14:13:28+00:00","og_image":[{"width":280,"height":187,"url":"https:\/\/www.japan-touch.com\/toulouse\/wp-content\/uploads\/sites\/3\/2024\/08\/Lac_et_pavillon_du_the.jpg","type":"image\/jpeg"}],"author":"ZutrArakuBUQa5UveQuDRuzun","twitter_card":"summary_large_image","twitter_creator":"@asiexpo","twitter_site":"@asiexpo","twitter_misc":{"\u00c9crit par":"ZutrArakuBUQa5UveQuDRuzun","Dur\u00e9e de lecture estim\u00e9e":"1 minute"},"schema":{"@context":"https:\/\/schema.org","@graph":[{"@type":"WebPage","@id":"https:\/\/www.japan-touch.com\/toulouse\/visite-racontee-du-jardin-japonais-2\/","url":"https:\/\/www.japan-touch.com\/toulouse\/visite-racontee-du-jardin-japonais-2\/","name":"Visite racont\u00e9e du jardin japonais - JapanTouch Toulouse","isPartOf":{"@id":"https:\/\/www.japan-touch.com\/toulouse\/#website"},"primaryImageOfPage":{"@id":"https:\/\/www.japan-touch.com\/toulouse\/visite-racontee-du-jardin-japonais-2\/#primaryimage"},"image":{"@id":"https:\/\/www.japan-touch.com\/toulouse\/visite-racontee-du-jardin-japonais-2\/#primaryimage"},"thumbnailUrl":"https:\/\/www.japan-touch.com\/toulouse\/wp-content\/uploads\/sites\/3\/2024\/08\/Lac_et_pavillon_du_the.jpg","datePublished":"2024-08-23T14:12:24+00:00","dateModified":"2024-08-23T14:13:28+00:00","author":{"@id":"https:\/\/www.japan-touch.com\/toulouse\/#\/schema\/person\/305b4e5c72bfcc2333e3adc9f4e49e4c"},"description":"Visiter et d\u00e9couvrez tous les secrets du jardin japonais du parc Compans Caffarelli avec Fr\u00e9d\u00e9ric Bordis, jardinier de ce parc","breadcrumb":{"@id":"https:\/\/www.japan-touch.com\/toulouse\/visite-racontee-du-jardin-japonais-2\/#breadcrumb"},"inLanguage":"fr-FR","potentialAction":[{"@type":"ReadAction","target":["https:\/\/www.japan-touch.com\/toulouse\/visite-racontee-du-jardin-japonais-2\/"]}]},{"@type":"ImageObject","inLanguage":"fr-FR","@id":"https:\/\/www.japan-touch.com\/toulouse\/visite-racontee-du-jardin-japonais-2\/#primaryimage","url":"https:\/\/www.japan-touch.com\/toulouse\/wp-content\/uploads\/sites\/3\/2024\/08\/Lac_et_pavillon_du_the.jpg","contentUrl":"https:\/\/www.japan-touch.com\/toulouse\/wp-content\/uploads\/sites\/3\/2024\/08\/Lac_et_pavillon_du_the.jpg","width":280,"height":187},{"@type":"BreadcrumbList","@id":"https:\/\/www.japan-touch.com\/toulouse\/visite-racontee-du-jardin-japonais-2\/#breadcrumb","itemListElement":[{"@type":"ListItem","position":1,"name":"Accueil","item":"https:\/\/www.japan-touch.com\/toulouse\/"},{"@type":"ListItem","position":2,"name":"Visite racont\u00e9e du jardin japonais"}]},{"@type":"WebSite","@id":"https:\/\/www.japan-touch.com\/toulouse\/#website","url":"https:\/\/www.japan-touch.com\/toulouse\/","name":"JapanTouch Toulouse","description":"3 &amp; 4 sept. 2022","potentialAction":[{"@type":"SearchAction","target":{"@type":"EntryPoint","urlTemplate":"https:\/\/www.japan-touch.com\/toulouse\/?s={search_term_string}"},"query-input":"required name=search_term_string"}],"inLanguage":"fr-FR"},{"@type":"Person","@id":"https:\/\/www.japan-touch.com\/toulouse\/#\/schema\/person\/305b4e5c72bfcc2333e3adc9f4e49e4c","name":"ZutrArakuBUQa5UveQuDRuzun","sameAs":["http:\/\/www.sioo-studio.com"],"url":"https:\/\/www.japan-touch.com\/toulouse\/author\/zutrarakubuqa5uvequdruzun\/"}]}},"_links":{"self":[{"href":"https:\/\/www.japan-touch.com\/toulouse\/wp-json\/wp\/v2\/posts\/2154"}],"collection":[{"href":"https:\/\/www.japan-touch.com\/toulouse\/wp-json\/wp\/v2\/posts"}],"about":[{"href":"https:\/\/www.japan-touch.com\/toulouse\/wp-json\/wp\/v2\/types\/post"}],"author":[{"embeddable":true,"href":"https:\/\/www.japan-touch.com\/toulouse\/wp-json\/wp\/v2\/users\/1"}],"replies":[{"embeddable":true,"href":"https:\/\/www.japan-touch.com\/toulouse\/wp-json\/wp\/v2\/comments?post=2154"}],"version-history":[{"count":2,"href":"https:\/\/www.japan-touch.com\/toulouse\/wp-json\/wp\/v2\/posts\/2154\/revisions"}],"predecessor-version":[{"id":2157,"href":"https:\/\/www.japan-touch.com\/toulouse\/wp-json\/wp\/v2\/posts\/2154\/revisions\/2157"}],"wp:featuredmedia":[{"embeddable":true,"href":"https:\/\/www.japan-touch.com\/toulouse\/wp-json\/wp\/v2\/media\/2155"}],"wp:attachment":[{"href":"https:\/\/www.japan-touch.com\/toulouse\/wp-json\/wp\/v2\/media?parent=2154"}],"wp:term":[{"taxonomy":"category","embeddable":true,"href":"https:\/\/www.japan-touch.com\/toulouse\/wp-json\/wp\/v2\/categories?post=2154"},{"taxonomy":"post_tag","embeddable":true,"href":"https:\/\/www.japan-touch.com\/toulouse\/wp-json\/wp\/v2\/tags?post=2154"}],"curies":[{"name":"wp","href":"https:\/\/api.w.org\/{rel}","templated":true}]}}