{"id":699,"date":"2025-06-12T11:15:20","date_gmt":"2025-06-12T09:15:20","guid":{"rendered":"https:\/\/www.japan-touch.com\/brest\/?p=699"},"modified":"2025-06-12T17:16:25","modified_gmt":"2025-06-12T15:16:25","slug":"traversee-du-carrefour-de-shibuya-a-brest","status":"publish","type":"post","link":"https:\/\/www.japan-touch.com\/brest\/traversee-du-carrefour-de-shibuya-a-brest\/","title":{"rendered":"Travers\u00e9e du carrefour de Shibuya \u00e0 Brest"},"content":{"rendered":"\n<blockquote class=\"wp-block-quote\">\n<p>Le carrefour de Shibuya, immortalis\u00e9 dans \u00ab Lost In Translation \u00bb ou encore \u00ab Fast and Furious Tokyo Drift \u00bb, est travers\u00e9 quotidiennement de jour comme de nuit par plus de 100 000 japonais. <\/p>\n<\/blockquote>\n\n\n\n<p>Environ 2 000 personnes utilisent cette intersection toutes les 2 minutes <\/p>\n\n\n\n<p>Tokyo Market f\u00eate son 5e anniversaire en vous invitant &#8211; c\u2019est gratuit &#8211; \u00e0 vivre une exp\u00e9rience totalement in\u00e9dite et m\u00e9morable \u00e0 traverser le CARREFOUR DE SHIBUYA de Tokyo&#8230; \u00e0 Brest.<\/p>\n\n\n\n<p><i class=\"fas fa-clock\"><\/i> vendredi 27 juin 2025 \u00e0 18h30 (RDV d\u00e8s 18h Esplanade de la Fraternit\u00e9 &#8211; Capucins \u00e0 BREST.<\/p>\n","protected":false},"excerpt":{"rendered":"<p>Tokyo Market f\u00eate son 5e anniversaire en vous invitant &#8211; c\u2019est gratuit &#8211; \u00e0 vivre une exp\u00e9rience totalement in\u00e9dite et m\u00e9morable \u00e0 traverser le CARREFOUR DE SHIBUYA de Tokyo&#8230; \u00e0 Brest.<\/p>\n","protected":false},"author":1,"featured_media":704,"comment_status":"open","ping_status":"open","sticky":false,"template":"","format":"standard","meta":{"_acf_changed":false,"_et_pb_use_builder":"","_et_pb_old_content":"","_et_gb_content_width":"","footnotes":""},"categories":[10],"tags":[],"acf":[],"yoast_head":"<!-- This site is optimized with the Yoast SEO plugin v22.3 - https:\/\/yoast.com\/wordpress\/plugins\/seo\/ -->\n<title>Travers\u00e9e du carrefour de Shibuya \u00e0 Brest - Tokyo market Brest<\/title>\n<meta name=\"description\" content=\"Tokyo Market f\u00eate son 5e anniversaire en vous invitant - c\u2019est gratuit - \u00e0 vivre une exp\u00e9rience totalement in\u00e9dite et m\u00e9morable \u00e0 traverser le CARREFOUR DE SHIBUYA de Tokyo... \u00e0 Brest.\" \/>\n<meta name=\"robots\" content=\"index, follow, max-snippet:-1, max-image-preview:large, max-video-preview:-1\" \/>\n<link rel=\"canonical\" href=\"https:\/\/www.japan-touch.com\/brest\/traversee-du-carrefour-de-shibuya-a-brest\/\" \/>\n<meta property=\"og:locale\" content=\"fr_FR\" \/>\n<meta property=\"og:type\" content=\"article\" \/>\n<meta property=\"og:title\" content=\"Travers\u00e9e du carrefour de Shibuya \u00e0 Brest - Tokyo market Brest\" \/>\n<meta property=\"og:description\" content=\"Tokyo Market f\u00eate son 5e anniversaire en vous invitant - c\u2019est gratuit - \u00e0 vivre une exp\u00e9rience totalement in\u00e9dite et m\u00e9morable \u00e0 traverser le CARREFOUR DE SHIBUYA de Tokyo... \u00e0 Brest.\" \/>\n<meta property=\"og:url\" content=\"https:\/\/www.japan-touch.com\/brest\/traversee-du-carrefour-de-shibuya-a-brest\/\" \/>\n<meta property=\"og:site_name\" content=\"Tokyo market Brest\" \/>\n<meta property=\"article:published_time\" content=\"2025-06-12T09:15:20+00:00\" \/>\n<meta property=\"article:modified_time\" content=\"2025-06-12T15:16:25+00:00\" \/>\n<meta property=\"og:image\" content=\"http:\/\/www.japan-touch.com\/brest\/wp-content\/uploads\/sites\/13\/2025\/06\/traversee-carrefour-de-shibuya.png\" \/>\n\t<meta property=\"og:image:width\" content=\"742\" \/>\n\t<meta property=\"og:image:height\" content=\"629\" \/>\n\t<meta property=\"og:image:type\" content=\"image\/png\" \/>\n<meta name=\"author\" content=\"ZutrArakuBUQa5UveQuDRuzun\" \/>\n<meta name=\"twitter:card\" content=\"summary_large_image\" \/>\n<meta name=\"twitter:label1\" content=\"\u00c9crit par\" \/>\n\t<meta name=\"twitter:data1\" content=\"ZutrArakuBUQa5UveQuDRuzun\" \/>\n\t<meta name=\"twitter:label2\" content=\"Dur\u00e9e de lecture estim\u00e9e\" \/>\n\t<meta name=\"twitter:data2\" content=\"1 minute\" \/>\n<script type=\"application\/ld+json\" class=\"yoast-schema-graph\">{\"@context\":\"https:\/\/schema.org\",\"@graph\":[{\"@type\":\"WebPage\",\"@id\":\"https:\/\/www.japan-touch.com\/brest\/traversee-du-carrefour-de-shibuya-a-brest\/\",\"url\":\"https:\/\/www.japan-touch.com\/brest\/traversee-du-carrefour-de-shibuya-a-brest\/\",\"name\":\"Travers\u00e9e du carrefour de Shibuya \u00e0 Brest - Tokyo market Brest\",\"isPartOf\":{\"@id\":\"https:\/\/www.japan-touch.com\/brest\/#website\"},\"primaryImageOfPage\":{\"@id\":\"https:\/\/www.japan-touch.com\/brest\/traversee-du-carrefour-de-shibuya-a-brest\/#primaryimage\"},\"image\":{\"@id\":\"https:\/\/www.japan-touch.com\/brest\/traversee-du-carrefour-de-shibuya-a-brest\/#primaryimage\"},\"thumbnailUrl\":\"https:\/\/www.japan-touch.com\/brest\/wp-content\/uploads\/sites\/13\/2025\/06\/traversee-carrefour-de-shibuya.png\",\"datePublished\":\"2025-06-12T09:15:20+00:00\",\"dateModified\":\"2025-06-12T15:16:25+00:00\",\"author\":{\"@id\":\"https:\/\/www.japan-touch.com\/brest\/#\/schema\/person\/305b4e5c72bfcc2333e3adc9f4e49e4c\"},\"description\":\"Tokyo Market f\u00eate son 5e anniversaire en vous invitant - c\u2019est gratuit - \u00e0 vivre une exp\u00e9rience totalement in\u00e9dite et m\u00e9morable \u00e0 traverser le CARREFOUR DE SHIBUYA de Tokyo... \u00e0 Brest.\",\"breadcrumb\":{\"@id\":\"https:\/\/www.japan-touch.com\/brest\/traversee-du-carrefour-de-shibuya-a-brest\/#breadcrumb\"},\"inLanguage\":\"fr-FR\",\"potentialAction\":[{\"@type\":\"ReadAction\",\"target\":[\"https:\/\/www.japan-touch.com\/brest\/traversee-du-carrefour-de-shibuya-a-brest\/\"]}]},{\"@type\":\"ImageObject\",\"inLanguage\":\"fr-FR\",\"@id\":\"https:\/\/www.japan-touch.com\/brest\/traversee-du-carrefour-de-shibuya-a-brest\/#primaryimage\",\"url\":\"https:\/\/www.japan-touch.com\/brest\/wp-content\/uploads\/sites\/13\/2025\/06\/traversee-carrefour-de-shibuya.png\",\"contentUrl\":\"https:\/\/www.japan-touch.com\/brest\/wp-content\/uploads\/sites\/13\/2025\/06\/traversee-carrefour-de-shibuya.png\",\"width\":742,\"height\":629},{\"@type\":\"BreadcrumbList\",\"@id\":\"https:\/\/www.japan-touch.com\/brest\/traversee-du-carrefour-de-shibuya-a-brest\/#breadcrumb\",\"itemListElement\":[{\"@type\":\"ListItem\",\"position\":1,\"name\":\"Accueil\",\"item\":\"https:\/\/www.japan-touch.com\/brest\/\"},{\"@type\":\"ListItem\",\"position\":2,\"name\":\"Travers\u00e9e du carrefour de Shibuya \u00e0 Brest\"}]},{\"@type\":\"WebSite\",\"@id\":\"https:\/\/www.japan-touch.com\/brest\/#website\",\"url\":\"https:\/\/www.japan-touch.com\/brest\/\",\"name\":\"Tokyo market Brest\",\"description\":\"Japan Touch \u00e0 Brest\",\"potentialAction\":[{\"@type\":\"SearchAction\",\"target\":{\"@type\":\"EntryPoint\",\"urlTemplate\":\"https:\/\/www.japan-touch.com\/brest\/?s={search_term_string}\"},\"query-input\":\"required name=search_term_string\"}],\"inLanguage\":\"fr-FR\"},{\"@type\":\"Person\",\"@id\":\"https:\/\/www.japan-touch.com\/brest\/#\/schema\/person\/305b4e5c72bfcc2333e3adc9f4e49e4c\",\"name\":\"ZutrArakuBUQa5UveQuDRuzun\",\"image\":{\"@type\":\"ImageObject\",\"inLanguage\":\"fr-FR\",\"@id\":\"https:\/\/www.japan-touch.com\/brest\/#\/schema\/person\/image\/\",\"url\":\"https:\/\/secure.gravatar.com\/avatar\/2e9d1dffd858cca8d33b6ee4e027b343?s=96&d=mm&r=g\",\"contentUrl\":\"https:\/\/secure.gravatar.com\/avatar\/2e9d1dffd858cca8d33b6ee4e027b343?s=96&d=mm&r=g\",\"caption\":\"ZutrArakuBUQa5UveQuDRuzun\"},\"sameAs\":[\"http:\/\/www.sioo-studio.com\"],\"url\":\"https:\/\/www.japan-touch.com\/brest\/author\/zutrarakubuqa5uvequdruzun\/\"}]}<\/script>\n<!-- \/ Yoast SEO plugin. -->","yoast_head_json":{"title":"Travers\u00e9e du carrefour de Shibuya \u00e0 Brest - Tokyo market Brest","description":"Tokyo Market f\u00eate son 5e anniversaire en vous invitant - c\u2019est gratuit - \u00e0 vivre une exp\u00e9rience totalement in\u00e9dite et m\u00e9morable \u00e0 traverser le CARREFOUR DE SHIBUYA de Tokyo... \u00e0 Brest.","robots":{"index":"index","follow":"follow","max-snippet":"max-snippet:-1","max-image-preview":"max-image-preview:large","max-video-preview":"max-video-preview:-1"},"canonical":"https:\/\/www.japan-touch.com\/brest\/traversee-du-carrefour-de-shibuya-a-brest\/","og_locale":"fr_FR","og_type":"article","og_title":"Travers\u00e9e du carrefour de Shibuya \u00e0 Brest - Tokyo market Brest","og_description":"Tokyo Market f\u00eate son 5e anniversaire en vous invitant - c\u2019est gratuit - \u00e0 vivre une exp\u00e9rience totalement in\u00e9dite et m\u00e9morable \u00e0 traverser le CARREFOUR DE SHIBUYA de Tokyo... \u00e0 Brest.","og_url":"https:\/\/www.japan-touch.com\/brest\/traversee-du-carrefour-de-shibuya-a-brest\/","og_site_name":"Tokyo market Brest","article_published_time":"2025-06-12T09:15:20+00:00","article_modified_time":"2025-06-12T15:16:25+00:00","og_image":[{"width":742,"height":629,"url":"http:\/\/www.japan-touch.com\/brest\/wp-content\/uploads\/sites\/13\/2025\/06\/traversee-carrefour-de-shibuya.png","type":"image\/png"}],"author":"ZutrArakuBUQa5UveQuDRuzun","twitter_card":"summary_large_image","twitter_misc":{"\u00c9crit par":"ZutrArakuBUQa5UveQuDRuzun","Dur\u00e9e de lecture estim\u00e9e":"1 minute"},"schema":{"@context":"https:\/\/schema.org","@graph":[{"@type":"WebPage","@id":"https:\/\/www.japan-touch.com\/brest\/traversee-du-carrefour-de-shibuya-a-brest\/","url":"https:\/\/www.japan-touch.com\/brest\/traversee-du-carrefour-de-shibuya-a-brest\/","name":"Travers\u00e9e du carrefour de Shibuya \u00e0 Brest - Tokyo market Brest","isPartOf":{"@id":"https:\/\/www.japan-touch.com\/brest\/#website"},"primaryImageOfPage":{"@id":"https:\/\/www.japan-touch.com\/brest\/traversee-du-carrefour-de-shibuya-a-brest\/#primaryimage"},"image":{"@id":"https:\/\/www.japan-touch.com\/brest\/traversee-du-carrefour-de-shibuya-a-brest\/#primaryimage"},"thumbnailUrl":"https:\/\/www.japan-touch.com\/brest\/wp-content\/uploads\/sites\/13\/2025\/06\/traversee-carrefour-de-shibuya.png","datePublished":"2025-06-12T09:15:20+00:00","dateModified":"2025-06-12T15:16:25+00:00","author":{"@id":"https:\/\/www.japan-touch.com\/brest\/#\/schema\/person\/305b4e5c72bfcc2333e3adc9f4e49e4c"},"description":"Tokyo Market f\u00eate son 5e anniversaire en vous invitant - c\u2019est gratuit - \u00e0 vivre une exp\u00e9rience totalement in\u00e9dite et m\u00e9morable \u00e0 traverser le CARREFOUR DE SHIBUYA de Tokyo... \u00e0 Brest.","breadcrumb":{"@id":"https:\/\/www.japan-touch.com\/brest\/traversee-du-carrefour-de-shibuya-a-brest\/#breadcrumb"},"inLanguage":"fr-FR","potentialAction":[{"@type":"ReadAction","target":["https:\/\/www.japan-touch.com\/brest\/traversee-du-carrefour-de-shibuya-a-brest\/"]}]},{"@type":"ImageObject","inLanguage":"fr-FR","@id":"https:\/\/www.japan-touch.com\/brest\/traversee-du-carrefour-de-shibuya-a-brest\/#primaryimage","url":"https:\/\/www.japan-touch.com\/brest\/wp-content\/uploads\/sites\/13\/2025\/06\/traversee-carrefour-de-shibuya.png","contentUrl":"https:\/\/www.japan-touch.com\/brest\/wp-content\/uploads\/sites\/13\/2025\/06\/traversee-carrefour-de-shibuya.png","width":742,"height":629},{"@type":"BreadcrumbList","@id":"https:\/\/www.japan-touch.com\/brest\/traversee-du-carrefour-de-shibuya-a-brest\/#breadcrumb","itemListElement":[{"@type":"ListItem","position":1,"name":"Accueil","item":"https:\/\/www.japan-touch.com\/brest\/"},{"@type":"ListItem","position":2,"name":"Travers\u00e9e du carrefour de Shibuya \u00e0 Brest"}]},{"@type":"WebSite","@id":"https:\/\/www.japan-touch.com\/brest\/#website","url":"https:\/\/www.japan-touch.com\/brest\/","name":"Tokyo market Brest","description":"Japan Touch \u00e0 Brest","potentialAction":[{"@type":"SearchAction","target":{"@type":"EntryPoint","urlTemplate":"https:\/\/www.japan-touch.com\/brest\/?s={search_term_string}"},"query-input":"required name=search_term_string"}],"inLanguage":"fr-FR"},{"@type":"Person","@id":"https:\/\/www.japan-touch.com\/brest\/#\/schema\/person\/305b4e5c72bfcc2333e3adc9f4e49e4c","name":"ZutrArakuBUQa5UveQuDRuzun","image":{"@type":"ImageObject","inLanguage":"fr-FR","@id":"https:\/\/www.japan-touch.com\/brest\/#\/schema\/person\/image\/","url":"https:\/\/secure.gravatar.com\/avatar\/2e9d1dffd858cca8d33b6ee4e027b343?s=96&d=mm&r=g","contentUrl":"https:\/\/secure.gravatar.com\/avatar\/2e9d1dffd858cca8d33b6ee4e027b343?s=96&d=mm&r=g","caption":"ZutrArakuBUQa5UveQuDRuzun"},"sameAs":["http:\/\/www.sioo-studio.com"],"url":"https:\/\/www.japan-touch.com\/brest\/author\/zutrarakubuqa5uvequdruzun\/"}]}},"_links":{"self":[{"href":"https:\/\/www.japan-touch.com\/brest\/wp-json\/wp\/v2\/posts\/699"}],"collection":[{"href":"https:\/\/www.japan-touch.com\/brest\/wp-json\/wp\/v2\/posts"}],"about":[{"href":"https:\/\/www.japan-touch.com\/brest\/wp-json\/wp\/v2\/types\/post"}],"author":[{"embeddable":true,"href":"https:\/\/www.japan-touch.com\/brest\/wp-json\/wp\/v2\/users\/1"}],"replies":[{"embeddable":true,"href":"https:\/\/www.japan-touch.com\/brest\/wp-json\/wp\/v2\/comments?post=699"}],"version-history":[{"count":2,"href":"https:\/\/www.japan-touch.com\/brest\/wp-json\/wp\/v2\/posts\/699\/revisions"}],"predecessor-version":[{"id":711,"href":"https:\/\/www.japan-touch.com\/brest\/wp-json\/wp\/v2\/posts\/699\/revisions\/711"}],"wp:featuredmedia":[{"embeddable":true,"href":"https:\/\/www.japan-touch.com\/brest\/wp-json\/wp\/v2\/media\/704"}],"wp:attachment":[{"href":"https:\/\/www.japan-touch.com\/brest\/wp-json\/wp\/v2\/media?parent=699"}],"wp:term":[{"taxonomy":"category","embeddable":true,"href":"https:\/\/www.japan-touch.com\/brest\/wp-json\/wp\/v2\/categories?post=699"},{"taxonomy":"post_tag","embeddable":true,"href":"https:\/\/www.japan-touch.com\/brest\/wp-json\/wp\/v2\/tags?post=699"}],"curies":[{"name":"wp","href":"https:\/\/api.w.org\/{rel}","templated":true}]}}