{"id":614,"date":"2024-05-30T12:56:14","date_gmt":"2024-05-30T10:56:14","guid":{"rendered":"https:\/\/www.japan-touch.com\/brest\/?p=614"},"modified":"2025-06-17T15:32:21","modified_gmt":"2025-06-17T13:32:21","slug":"allee-de-jeunes-createurs","status":"publish","type":"post","link":"https:\/\/www.japan-touch.com\/brest\/allee-de-jeunes-createurs\/","title":{"rendered":"VILLAGE DES JEUNES CREATEURS"},"content":{"rendered":"\n<blockquote class=\"wp-block-quote\">\n<p>Un village de 60 exposants et jeunes cr\u00e9ateurs, boutiques, artisans d\u2019art et d\u2019objets d\u00e9coration, vous attend cher public brestois !<\/p>\n<\/blockquote>\n\n\n\n<p>L\u2019art japonais brillera en origami, kirigami (art du papier d\u00e9coup\u00e9), suminagashi (papier \u00e0 la cuve), amigurumi (objets au crochet), kurinoki, peintures et aquarelle, calligraphie, katanas, luminaires, mode et plus encore\u00a0!<\/p>\n\n\n\n<p>Les fans de popculture japonaise seront combl\u00e9s, perdus entre les multiples id\u00e9es cadeaux\u00a0: bijoux et illustrations pop manga, BD auto-\u00e9dit\u00e9es, jeux et jouets, serre-t\u00eates oreilles cosplay, posters, s\u00e9rigraphie, cr\u00e9ations kawaii, goodies, fanarts, cartes 3D, maneki neko, vaisselle Ghibli, et encore d&rsquo;autres surprises !<\/p>\n\n\n\n<p>Tout le week-end<\/p>\n","protected":false},"excerpt":{"rendered":"<p>Un village de 60 exposants et jeunes cr\u00e9ateurs, boutiques, artisans d\u2019art et d\u2019objets d\u00e9coration, vous attend cher public brestois ! L\u2019art japonais brillera en origami, kirigami (art du papier d\u00e9coup\u00e9), suminagashi (papier \u00e0 la cuve), amigurumi (objets au crochet), kurinoki, peintures et aquarelle, calligraphie, katanas, luminaires, mode et plus encore\u00a0! Les fans de popculture japonaise [&hellip;]<\/p>\n","protected":false},"author":7,"featured_media":722,"comment_status":"open","ping_status":"open","sticky":false,"template":"","format":"standard","meta":{"_acf_changed":false,"_et_pb_use_builder":"","_et_pb_old_content":"","_et_gb_content_width":"","footnotes":""},"categories":[10],"tags":[],"acf":[],"yoast_head":"<!-- This site is optimized with the Yoast SEO plugin v22.3 - https:\/\/yoast.com\/wordpress\/plugins\/seo\/ -->\n<title>VILLAGE DES JEUNES CREATEURS - Tokyo market Brest<\/title>\n<meta name=\"description\" content=\"Un village de 60 exposants et jeunes cr\u00e9ateurs, boutiques, artisans d\u2019art et d\u2019objets d\u00e9coration\" \/>\n<meta name=\"robots\" content=\"index, follow, max-snippet:-1, max-image-preview:large, max-video-preview:-1\" \/>\n<link rel=\"canonical\" href=\"https:\/\/www.japan-touch.com\/brest\/allee-de-jeunes-createurs\/\" \/>\n<meta property=\"og:locale\" content=\"fr_FR\" \/>\n<meta property=\"og:type\" content=\"article\" \/>\n<meta property=\"og:title\" content=\"VILLAGE DES JEUNES CREATEURS - Tokyo market Brest\" \/>\n<meta property=\"og:description\" content=\"Un village de 60 exposants et jeunes cr\u00e9ateurs, boutiques, artisans d\u2019art et d\u2019objets d\u00e9coration\" \/>\n<meta property=\"og:url\" content=\"https:\/\/www.japan-touch.com\/brest\/allee-de-jeunes-createurs\/\" \/>\n<meta property=\"og:site_name\" content=\"Tokyo market Brest\" \/>\n<meta property=\"article:published_time\" content=\"2024-05-30T10:56:14+00:00\" \/>\n<meta property=\"article:modified_time\" content=\"2025-06-17T13:32:21+00:00\" \/>\n<meta property=\"og:image\" content=\"http:\/\/www.japan-touch.com\/brest\/wp-content\/uploads\/sites\/13\/2025\/06\/VILLAGE-DE-CREATEURS-1.jpg\" \/>\n\t<meta property=\"og:image:width\" content=\"602\" \/>\n\t<meta property=\"og:image:height\" content=\"800\" \/>\n\t<meta property=\"og:image:type\" content=\"image\/jpeg\" \/>\n<meta name=\"author\" content=\"annemarieasiexpo2023\" \/>\n<meta name=\"twitter:card\" content=\"summary_large_image\" \/>\n<meta name=\"twitter:label1\" content=\"\u00c9crit par\" \/>\n\t<meta name=\"twitter:data1\" content=\"annemarieasiexpo2023\" \/>\n\t<meta name=\"twitter:label2\" content=\"Dur\u00e9e de lecture estim\u00e9e\" \/>\n\t<meta name=\"twitter:data2\" content=\"1 minute\" \/>\n<script type=\"application\/ld+json\" class=\"yoast-schema-graph\">{\"@context\":\"https:\/\/schema.org\",\"@graph\":[{\"@type\":\"WebPage\",\"@id\":\"https:\/\/www.japan-touch.com\/brest\/allee-de-jeunes-createurs\/\",\"url\":\"https:\/\/www.japan-touch.com\/brest\/allee-de-jeunes-createurs\/\",\"name\":\"VILLAGE DES JEUNES CREATEURS - Tokyo market Brest\",\"isPartOf\":{\"@id\":\"https:\/\/www.japan-touch.com\/brest\/#website\"},\"primaryImageOfPage\":{\"@id\":\"https:\/\/www.japan-touch.com\/brest\/allee-de-jeunes-createurs\/#primaryimage\"},\"image\":{\"@id\":\"https:\/\/www.japan-touch.com\/brest\/allee-de-jeunes-createurs\/#primaryimage\"},\"thumbnailUrl\":\"https:\/\/www.japan-touch.com\/brest\/wp-content\/uploads\/sites\/13\/2025\/06\/VILLAGE-DE-CREATEURS-1.jpg\",\"datePublished\":\"2024-05-30T10:56:14+00:00\",\"dateModified\":\"2025-06-17T13:32:21+00:00\",\"author\":{\"@id\":\"https:\/\/www.japan-touch.com\/brest\/#\/schema\/person\/427d03008c7311e8e1685343a634211d\"},\"description\":\"Un village de 60 exposants et jeunes cr\u00e9ateurs, boutiques, artisans d\u2019art et d\u2019objets d\u00e9coration\",\"breadcrumb\":{\"@id\":\"https:\/\/www.japan-touch.com\/brest\/allee-de-jeunes-createurs\/#breadcrumb\"},\"inLanguage\":\"fr-FR\",\"potentialAction\":[{\"@type\":\"ReadAction\",\"target\":[\"https:\/\/www.japan-touch.com\/brest\/allee-de-jeunes-createurs\/\"]}]},{\"@type\":\"ImageObject\",\"inLanguage\":\"fr-FR\",\"@id\":\"https:\/\/www.japan-touch.com\/brest\/allee-de-jeunes-createurs\/#primaryimage\",\"url\":\"https:\/\/www.japan-touch.com\/brest\/wp-content\/uploads\/sites\/13\/2025\/06\/VILLAGE-DE-CREATEURS-1.jpg\",\"contentUrl\":\"https:\/\/www.japan-touch.com\/brest\/wp-content\/uploads\/sites\/13\/2025\/06\/VILLAGE-DE-CREATEURS-1.jpg\",\"width\":602,\"height\":800},{\"@type\":\"BreadcrumbList\",\"@id\":\"https:\/\/www.japan-touch.com\/brest\/allee-de-jeunes-createurs\/#breadcrumb\",\"itemListElement\":[{\"@type\":\"ListItem\",\"position\":1,\"name\":\"Accueil\",\"item\":\"https:\/\/www.japan-touch.com\/brest\/\"},{\"@type\":\"ListItem\",\"position\":2,\"name\":\"VILLAGE DES JEUNES CREATEURS\"}]},{\"@type\":\"WebSite\",\"@id\":\"https:\/\/www.japan-touch.com\/brest\/#website\",\"url\":\"https:\/\/www.japan-touch.com\/brest\/\",\"name\":\"Tokyo market Brest\",\"description\":\"Japan Touch \u00e0 Brest\",\"potentialAction\":[{\"@type\":\"SearchAction\",\"target\":{\"@type\":\"EntryPoint\",\"urlTemplate\":\"https:\/\/www.japan-touch.com\/brest\/?s={search_term_string}\"},\"query-input\":\"required name=search_term_string\"}],\"inLanguage\":\"fr-FR\"},{\"@type\":\"Person\",\"@id\":\"https:\/\/www.japan-touch.com\/brest\/#\/schema\/person\/427d03008c7311e8e1685343a634211d\",\"name\":\"annemarieasiexpo2023\",\"image\":{\"@type\":\"ImageObject\",\"inLanguage\":\"fr-FR\",\"@id\":\"https:\/\/www.japan-touch.com\/brest\/#\/schema\/person\/image\/\",\"url\":\"https:\/\/secure.gravatar.com\/avatar\/093d99fddc94d320071a5f997a8b35ce?s=96&d=mm&r=g\",\"contentUrl\":\"https:\/\/secure.gravatar.com\/avatar\/093d99fddc94d320071a5f997a8b35ce?s=96&d=mm&r=g\",\"caption\":\"annemarieasiexpo2023\"},\"url\":\"https:\/\/www.japan-touch.com\/brest\/author\/nicolasboscasiexpo2019\/\"}]}<\/script>\n<!-- \/ Yoast SEO plugin. -->","yoast_head_json":{"title":"VILLAGE DES JEUNES CREATEURS - Tokyo market Brest","description":"Un village de 60 exposants et jeunes cr\u00e9ateurs, boutiques, artisans d\u2019art et d\u2019objets d\u00e9coration","robots":{"index":"index","follow":"follow","max-snippet":"max-snippet:-1","max-image-preview":"max-image-preview:large","max-video-preview":"max-video-preview:-1"},"canonical":"https:\/\/www.japan-touch.com\/brest\/allee-de-jeunes-createurs\/","og_locale":"fr_FR","og_type":"article","og_title":"VILLAGE DES JEUNES CREATEURS - Tokyo market Brest","og_description":"Un village de 60 exposants et jeunes cr\u00e9ateurs, boutiques, artisans d\u2019art et d\u2019objets d\u00e9coration","og_url":"https:\/\/www.japan-touch.com\/brest\/allee-de-jeunes-createurs\/","og_site_name":"Tokyo market Brest","article_published_time":"2024-05-30T10:56:14+00:00","article_modified_time":"2025-06-17T13:32:21+00:00","og_image":[{"width":602,"height":800,"url":"http:\/\/www.japan-touch.com\/brest\/wp-content\/uploads\/sites\/13\/2025\/06\/VILLAGE-DE-CREATEURS-1.jpg","type":"image\/jpeg"}],"author":"annemarieasiexpo2023","twitter_card":"summary_large_image","twitter_misc":{"\u00c9crit par":"annemarieasiexpo2023","Dur\u00e9e de lecture estim\u00e9e":"1 minute"},"schema":{"@context":"https:\/\/schema.org","@graph":[{"@type":"WebPage","@id":"https:\/\/www.japan-touch.com\/brest\/allee-de-jeunes-createurs\/","url":"https:\/\/www.japan-touch.com\/brest\/allee-de-jeunes-createurs\/","name":"VILLAGE DES JEUNES CREATEURS - Tokyo market Brest","isPartOf":{"@id":"https:\/\/www.japan-touch.com\/brest\/#website"},"primaryImageOfPage":{"@id":"https:\/\/www.japan-touch.com\/brest\/allee-de-jeunes-createurs\/#primaryimage"},"image":{"@id":"https:\/\/www.japan-touch.com\/brest\/allee-de-jeunes-createurs\/#primaryimage"},"thumbnailUrl":"https:\/\/www.japan-touch.com\/brest\/wp-content\/uploads\/sites\/13\/2025\/06\/VILLAGE-DE-CREATEURS-1.jpg","datePublished":"2024-05-30T10:56:14+00:00","dateModified":"2025-06-17T13:32:21+00:00","author":{"@id":"https:\/\/www.japan-touch.com\/brest\/#\/schema\/person\/427d03008c7311e8e1685343a634211d"},"description":"Un village de 60 exposants et jeunes cr\u00e9ateurs, boutiques, artisans d\u2019art et d\u2019objets d\u00e9coration","breadcrumb":{"@id":"https:\/\/www.japan-touch.com\/brest\/allee-de-jeunes-createurs\/#breadcrumb"},"inLanguage":"fr-FR","potentialAction":[{"@type":"ReadAction","target":["https:\/\/www.japan-touch.com\/brest\/allee-de-jeunes-createurs\/"]}]},{"@type":"ImageObject","inLanguage":"fr-FR","@id":"https:\/\/www.japan-touch.com\/brest\/allee-de-jeunes-createurs\/#primaryimage","url":"https:\/\/www.japan-touch.com\/brest\/wp-content\/uploads\/sites\/13\/2025\/06\/VILLAGE-DE-CREATEURS-1.jpg","contentUrl":"https:\/\/www.japan-touch.com\/brest\/wp-content\/uploads\/sites\/13\/2025\/06\/VILLAGE-DE-CREATEURS-1.jpg","width":602,"height":800},{"@type":"BreadcrumbList","@id":"https:\/\/www.japan-touch.com\/brest\/allee-de-jeunes-createurs\/#breadcrumb","itemListElement":[{"@type":"ListItem","position":1,"name":"Accueil","item":"https:\/\/www.japan-touch.com\/brest\/"},{"@type":"ListItem","position":2,"name":"VILLAGE DES JEUNES CREATEURS"}]},{"@type":"WebSite","@id":"https:\/\/www.japan-touch.com\/brest\/#website","url":"https:\/\/www.japan-touch.com\/brest\/","name":"Tokyo market Brest","description":"Japan Touch \u00e0 Brest","potentialAction":[{"@type":"SearchAction","target":{"@type":"EntryPoint","urlTemplate":"https:\/\/www.japan-touch.com\/brest\/?s={search_term_string}"},"query-input":"required name=search_term_string"}],"inLanguage":"fr-FR"},{"@type":"Person","@id":"https:\/\/www.japan-touch.com\/brest\/#\/schema\/person\/427d03008c7311e8e1685343a634211d","name":"annemarieasiexpo2023","image":{"@type":"ImageObject","inLanguage":"fr-FR","@id":"https:\/\/www.japan-touch.com\/brest\/#\/schema\/person\/image\/","url":"https:\/\/secure.gravatar.com\/avatar\/093d99fddc94d320071a5f997a8b35ce?s=96&d=mm&r=g","contentUrl":"https:\/\/secure.gravatar.com\/avatar\/093d99fddc94d320071a5f997a8b35ce?s=96&d=mm&r=g","caption":"annemarieasiexpo2023"},"url":"https:\/\/www.japan-touch.com\/brest\/author\/nicolasboscasiexpo2019\/"}]}},"_links":{"self":[{"href":"https:\/\/www.japan-touch.com\/brest\/wp-json\/wp\/v2\/posts\/614"}],"collection":[{"href":"https:\/\/www.japan-touch.com\/brest\/wp-json\/wp\/v2\/posts"}],"about":[{"href":"https:\/\/www.japan-touch.com\/brest\/wp-json\/wp\/v2\/types\/post"}],"author":[{"embeddable":true,"href":"https:\/\/www.japan-touch.com\/brest\/wp-json\/wp\/v2\/users\/7"}],"replies":[{"embeddable":true,"href":"https:\/\/www.japan-touch.com\/brest\/wp-json\/wp\/v2\/comments?post=614"}],"version-history":[{"count":2,"href":"https:\/\/www.japan-touch.com\/brest\/wp-json\/wp\/v2\/posts\/614\/revisions"}],"predecessor-version":[{"id":726,"href":"https:\/\/www.japan-touch.com\/brest\/wp-json\/wp\/v2\/posts\/614\/revisions\/726"}],"wp:featuredmedia":[{"embeddable":true,"href":"https:\/\/www.japan-touch.com\/brest\/wp-json\/wp\/v2\/media\/722"}],"wp:attachment":[{"href":"https:\/\/www.japan-touch.com\/brest\/wp-json\/wp\/v2\/media?parent=614"}],"wp:term":[{"taxonomy":"category","embeddable":true,"href":"https:\/\/www.japan-touch.com\/brest\/wp-json\/wp\/v2\/categories?post=614"},{"taxonomy":"post_tag","embeddable":true,"href":"https:\/\/www.japan-touch.com\/brest\/wp-json\/wp\/v2\/tags?post=614"}],"curies":[{"name":"wp","href":"https:\/\/api.w.org\/{rel}","templated":true}]}}